{"id":550,"date":"2022-03-07T19:49:03","date_gmt":"2022-03-07T19:49:03","guid":{"rendered":"https:\/\/www.sunmarineibiza.com\/wp\/?p=550"},"modified":"2026-01-07T17:50:40","modified_gmt":"2026-01-07T17:50:40","slug":"partir-en-vacances-ibiza-2022","status":"publish","type":"post","link":"https:\/\/www.sunmarineibiza.com\/fr\/partir-en-vacances-ibiza-2022\/","title":{"rendered":"Pourquoi partir en vacances \u00e0 Ibiza cet \u00e9t\u00e9 ?"},"content":{"rendered":"<h2>Ibiza, une \u00eele paradisiaque pour des vacances \u00e0 moins de deux heures des capitales europ\u00e9ennes<\/h2>\n<p>Situ\u00e9e dans l\u2019archipel des Bal\u00e9ares au sud de Majorque et de Minorque, l\u2019\u00eele d\u2019Ibiza offre un d\u00e9paysement total \u00e0 moins de 2 heures de toutes les capitales europ\u00e9ennes. On y retrouve la chaleur humaine de l\u2019Espagne et sa gastronomie d\u00e9licieuse, mais \u00e9galement de superbes villages et des paysages de toute splendeur. Le grand plus d\u2019Ibiza, ce sont bien s\u00fbr ses <a href=\"\/los-mejores-restaurantes-de-playa-ibiza-y-formentera\/\">plages<\/a>, ses <a href=\"\/fr\/les-plus-beaux-mouillages-dibiza-et-formentera\/\">criques sauvages<\/a> et ses eaux cristallines dans lesquelles il est tr\u00e8s agr\u00e9able de se pr\u00e9lasser de mai \u00e0 octobre. IBIZA est une valeur s\u00fbre pour les familles avec enfants ou adolescents, couple d\u2019amoureux et groupes d\u2019amis.<\/p>\n<p>\u00c0 IBIZA il n\u2019est pas n\u00e9cessaire d\u2019aimer l\u2019ambiance festive, bien au contraire, il y a un grand nombre d\u2019endroits tranquille, bien s\u00fbr cet \u00e9t\u00e9 sera particulier, comme beaucoup de destinations phares en Europe . L\u2019id\u00e9al pour d\u00e9couvrir les iles et d\u2019\u00eatre \u00e0 l\u2019abri de la foule est de louer un <strong>bateau avec skipper.<\/strong> Un de nos bateaux les plus demand\u00e9 est notre <a href=\"https:\/\/www.sunmarineibiza.com\/fr\/location-bateau-quer-36-xxl-11m-ibiza\/\">QUER 36<\/a>, il vous en coutera en aout 1500 euros TTC \u2013 avec le skipper \u2013 les rafraichissements \u2013 les serviettes \u2013 snorkeling gear \u2013 paddle\u00a0 &#8211; Non inclus le fuel qui d\u00e9pendra de votre consommation (temps de navigation durant la journ\u00e9e) \u2013 compter 250\/400 euros\u00a0 &#8211; Vous pourrez \u00eatre 11 personnes plus skipper.<\/p>\n<h2 class=\"h3\">Louez un bateau en famille ou entre amis pour explorer les eaux cristallines d&rsquo;Ibiza<\/h2>\n<p>Connue dans le monde entier pour ses f\u00eates et <a href=\"\/fr\/calendrier-fetes-ibiza-2022\/\">ses discoth\u00e8ques<\/a>, l\u2019\u00eele plait \u00e9norm\u00e9ment aux voyageurs qui n\u2019ont aucune attirance pour les ambiances festives. Ibiza et sa petite s\u0153ur Formentera sont des \u00eeles qui offrent des richesses touristiques pour tous. Les amoureux de la mer et <a href=\"\/fr\/les-plus-belles-balades-en-bateaux-ibiza\/\">des balades en bateaux<\/a>\u00a0se retrouvent au paradis. Avec plus de 300 km de c\u00f4tes, des plages de sables fin, des criques sauvages offrant parmi les plus <a href=\"\/fr\/les-plus-beaux-mouuillages-a-formentera\/\">beaux mouillages<\/a>\u00a0de la M\u00e9diterran\u00e9e,\u00a0 les deux iles accueillent les plus beaux yachts et m\u00e9ga yachts du monde.<\/p>\n<p>Dans les \u00eeles Bal\u00e9ares Majorque et Minorque sont assez venteuses, en particulier d\u2019avril \u00e0 octobre, mais Ibiza la plus occidentale\u00a0 est tr\u00e8s \u00e0 l\u2019abri et ne re\u00e7oit pas le vent du nord qui descend de la France. En \u00e9t\u00e9, les <strong>brises de mer mod\u00e9r\u00e9es<\/strong> soufflent sur Ibiza et Formentera, mais elles sont les bienvenues, car elles rendent la chaleur plus supportable. Les sorties en mer deviennent alors le summum du BONHEUR.<\/p>\n<h2>Partir en vacances dans les plus beaux villages d\u2019Ibiza<\/h2>\n<p>L\u2019ile s\u2019\u00e9tend sur une superficie de 571 km2, le centre de l\u2019ile est plus agricole, et offre \u00e0 la vue de ses visiteurs, une magnifique terre rouge, riche, produisant d\u2019excellents fruits et l\u00e9gumes. Ne manquez surtout pas de visiter les plus <strong>beaux villages d\u2019Ibiza, pour ma part j\u2019aime\u00a0: San Agustin, San Carlos, San Jose, Santa Gertrudis<\/strong>. Les c\u00f4tes offriront des balades en bateaux m\u00e9morables ou bien en voiture au rythme de magnifique couchers de soleil. Ne manquez surtout pas de d\u00e9couvrir la c\u00f4te sud des Salines, la c\u00f4te ouest <strong>Es Vedra<\/strong>, <strong>Cala Comta.<\/strong><\/p>\n<p><a class=\"boton-video\" href=\"https:\/\/youtu.be\/Sc9Abp08bTw\" target=\"_blank\" rel=\"noopener\">Voir vid\u00e9o<\/a><\/p>\n","protected":false},"excerpt":{"rendered":"<p>Ibiza, une \u00eele paradisiaque pour des vacances \u00e0 moins de deux heures des capitales europ\u00e9ennes. <\/p>\n","protected":false},"author":1,"featured_media":552,"comment_status":"open","ping_status":"open","sticky":false,"template":"","format":"standard","meta":{"_acf_changed":false,"footnotes":""},"categories":[962],"tags":[1208,1210,1209,1201],"class_list":["post-550","post","type-post","status-publish","format-standard","has-post-thumbnail","hentry","category-guide-dibiza","tag-ete-2026","tag-planification-vacances","tag-tourisme-ibiza","tag-vacances-dete"],"acf":[],"yoast_head":"<!-- This site is optimized with the Yoast SEO plugin v27.5 - https:\/\/yoast.com\/product\/yoast-seo-wordpress\/ -->\n<title>Partir en Vacances \u00e0 IBIZA \u00e9t\u00e9 2022 - SunMarine\u00ae IBIZA<\/title>\n<meta name=\"description\" content=\"A moins de 2 heures des capitales europ\u00e9ennes, IBIZA est une valeur s\u00fbre pour 2022 avec ses eaux cristallines et le soleil garanti | SunMarine\u00ae IBIZA, sp\u00e9cialiste du yachting depuis 25 ans | Croisi\u00e8re &amp; Location \u00e0 la journ\u00e9e | Contactez-nous\" \/>\n<meta name=\"robots\" content=\"index, follow, max-snippet:-1, max-image-preview:large, max-video-preview:-1\" \/>\n<link rel=\"canonical\" href=\"https:\/\/www.sunmarineibiza.com\/fr\/partir-en-vacances-ibiza-2022\/\" \/>\n<meta property=\"og:locale\" content=\"fr_FR\" \/>\n<meta property=\"og:type\" content=\"article\" \/>\n<meta property=\"og:title\" content=\"Partir en Vacances \u00e0 IBIZA \u00e9t\u00e9 2022 - SunMarine\u00ae IBIZA\" \/>\n<meta property=\"og:description\" content=\"A moins de 2 heures de toutes les capitales europ\u00e9ennes, IBIZA est une valeur s\u00fbre pour 2022 avec ses eaux cristallines et le soleil garanti | SunMarine\u00ae IBIZA, sp\u00e9cialiste du yachting depuis 25 ans | Croisi\u00e8re &amp; Location \u00e0 la journ\u00e9e | Contactez-nous\" \/>\n<meta property=\"og:url\" content=\"https:\/\/www.sunmarineibiza.com\/fr\/partir-en-vacances-ibiza-2022\/\" \/>\n<meta property=\"og:site_name\" content=\"SunMarine\u00ae Ibiza\" \/>\n<meta property=\"article:publisher\" content=\"https:\/\/www.facebook.com\/ibizasunmarine\/\" \/>\n<meta property=\"article:published_time\" content=\"2022-03-07T19:49:03+00:00\" \/>\n<meta property=\"article:modified_time\" content=\"2026-01-07T17:50:40+00:00\" \/>\n<meta property=\"og:image\" content=\"https:\/\/www.sunmarineibiza.com\/wp-content\/uploads\/2022\/04\/cala-salada-balade-bateau-ibia\" \/>\n\t<meta property=\"og:image:width\" content=\"2016\" \/>\n\t<meta property=\"og:image:height\" content=\"1134\" \/>\n\t<meta property=\"og:image:type\" content=\"image\/jpeg\" \/>\n<meta name=\"author\" content=\"SunMarine Team\" \/>\n<meta name=\"twitter:card\" content=\"summary_large_image\" \/>\n<meta name=\"twitter:title\" content=\"Partir en Vacances \u00e0 IBIZA \u00e9t\u00e9 2022 - SunMarine\u00ae IBIZA\" \/>\n<meta name=\"twitter:description\" content=\"A moins de 2 heures de toutes les capitales europ\u00e9ennes, IBIZA est une valeur s\u00fbre pour 2022 avec ses eaux cristallines et le soleil garanti | SunMarine\u00ae IBIZA, sp\u00e9cialiste du yachting depuis 25 ans | Croisi\u00e8re &amp; Location \u00e0 la journ\u00e9e | Contactez-nous\" \/>\n<meta name=\"twitter:image\" content=\"https:\/\/www.sunmarineibiza.com\/wp-content\/uploads\/2022\/04\/cala-salada-balade-bateau-ibia\" \/>\n<meta name=\"twitter:creator\" content=\"@SunMarineIbiza\" \/>\n<meta name=\"twitter:site\" content=\"@SunMarineIbiza\" \/>\n<meta name=\"twitter:label1\" content=\"\u00c9crit par\" \/>\n\t<meta name=\"twitter:data1\" content=\"SunMarine Team\" \/>\n\t<meta name=\"twitter:label2\" content=\"Dur\u00e9e de lecture estim\u00e9e\" \/>\n\t<meta name=\"twitter:data2\" content=\"3 minutes\" \/>\n<script type=\"application\/ld+json\" class=\"yoast-schema-graph\">{\"@context\":\"https:\\\/\\\/schema.org\",\"@graph\":[{\"@type\":\"Article\",\"@id\":\"https:\\\/\\\/www.sunmarineibiza.com\\\/fr\\\/partir-en-vacances-ibiza-2022\\\/#article\",\"isPartOf\":{\"@id\":\"https:\\\/\\\/www.sunmarineibiza.com\\\/fr\\\/partir-en-vacances-ibiza-2022\\\/\"},\"author\":{\"name\":\"SunMarine Team\",\"@id\":\"https:\\\/\\\/www.sunmarineibiza.com\\\/fr\\\/#\\\/schema\\\/person\\\/152196a57d73b542f14308e6215f2643\"},\"headline\":\"Pourquoi partir en vacances \u00e0 Ibiza cet \u00e9t\u00e9 ?\",\"datePublished\":\"2022-03-07T19:49:03+00:00\",\"dateModified\":\"2026-01-07T17:50:40+00:00\",\"mainEntityOfPage\":{\"@id\":\"https:\\\/\\\/www.sunmarineibiza.com\\\/fr\\\/partir-en-vacances-ibiza-2022\\\/\"},\"wordCount\":556,\"commentCount\":0,\"publisher\":{\"@id\":\"https:\\\/\\\/www.sunmarineibiza.com\\\/fr\\\/#organization\"},\"image\":{\"@id\":\"https:\\\/\\\/www.sunmarineibiza.com\\\/fr\\\/partir-en-vacances-ibiza-2022\\\/#primaryimage\"},\"thumbnailUrl\":\"https:\\\/\\\/www.sunmarineibiza.com\\\/wp-content\\\/uploads\\\/2022\\\/04\\\/cala-salada-balade-bateau-ibia\",\"keywords\":[\"\u00c9t\u00e9 2026\",\"planification vacances\",\"tourisme Ibiza\",\"vacances d'\u00e9t\u00e9\"],\"articleSection\":[\"Guide d&#039;Ibiza\"],\"inLanguage\":\"fr-FR\",\"potentialAction\":[{\"@type\":\"CommentAction\",\"name\":\"Comment\",\"target\":[\"https:\\\/\\\/www.sunmarineibiza.com\\\/fr\\\/partir-en-vacances-ibiza-2022\\\/#respond\"]}]},{\"@type\":\"WebPage\",\"@id\":\"https:\\\/\\\/www.sunmarineibiza.com\\\/fr\\\/partir-en-vacances-ibiza-2022\\\/\",\"url\":\"https:\\\/\\\/www.sunmarineibiza.com\\\/fr\\\/partir-en-vacances-ibiza-2022\\\/\",\"name\":\"Partir en Vacances \u00e0 IBIZA \u00e9t\u00e9 2022 - SunMarine\u00ae IBIZA\",\"isPartOf\":{\"@id\":\"https:\\\/\\\/www.sunmarineibiza.com\\\/fr\\\/#website\"},\"primaryImageOfPage\":{\"@id\":\"https:\\\/\\\/www.sunmarineibiza.com\\\/fr\\\/partir-en-vacances-ibiza-2022\\\/#primaryimage\"},\"image\":{\"@id\":\"https:\\\/\\\/www.sunmarineibiza.com\\\/fr\\\/partir-en-vacances-ibiza-2022\\\/#primaryimage\"},\"thumbnailUrl\":\"https:\\\/\\\/www.sunmarineibiza.com\\\/wp-content\\\/uploads\\\/2022\\\/04\\\/cala-salada-balade-bateau-ibia\",\"datePublished\":\"2022-03-07T19:49:03+00:00\",\"dateModified\":\"2026-01-07T17:50:40+00:00\",\"description\":\"A moins de 2 heures des capitales europ\u00e9ennes, IBIZA est une valeur s\u00fbre pour 2022 avec ses eaux cristallines et le soleil garanti | SunMarine\u00ae IBIZA, sp\u00e9cialiste du yachting depuis 25 ans | Croisi\u00e8re & Location \u00e0 la journ\u00e9e | Contactez-nous\",\"breadcrumb\":{\"@id\":\"https:\\\/\\\/www.sunmarineibiza.com\\\/fr\\\/partir-en-vacances-ibiza-2022\\\/#breadcrumb\"},\"inLanguage\":\"fr-FR\",\"potentialAction\":[{\"@type\":\"ReadAction\",\"target\":[\"https:\\\/\\\/www.sunmarineibiza.com\\\/fr\\\/partir-en-vacances-ibiza-2022\\\/\"]}]},{\"@type\":\"ImageObject\",\"inLanguage\":\"fr-FR\",\"@id\":\"https:\\\/\\\/www.sunmarineibiza.com\\\/fr\\\/partir-en-vacances-ibiza-2022\\\/#primaryimage\",\"url\":\"https:\\\/\\\/www.sunmarineibiza.com\\\/wp-content\\\/uploads\\\/2022\\\/04\\\/cala-salada-balade-bateau-ibia\",\"contentUrl\":\"https:\\\/\\\/www.sunmarineibiza.com\\\/wp-content\\\/uploads\\\/2022\\\/04\\\/cala-salada-balade-bateau-ibia\",\"width\":2016,\"height\":1134,\"caption\":\"Des vacances de r\u00eave \u00e0 Ibiza\"},{\"@type\":\"BreadcrumbList\",\"@id\":\"https:\\\/\\\/www.sunmarineibiza.com\\\/fr\\\/partir-en-vacances-ibiza-2022\\\/#breadcrumb\",\"itemListElement\":[{\"@type\":\"ListItem\",\"position\":1,\"name\":\"Inicio\",\"item\":\"https:\\\/\\\/www.sunmarineibiza.com\\\/fr\\\/\"},{\"@type\":\"ListItem\",\"position\":2,\"name\":\"Pourquoi partir en vacances \u00e0 Ibiza cet \u00e9t\u00e9 ?\"}]},{\"@type\":\"WebSite\",\"@id\":\"https:\\\/\\\/www.sunmarineibiza.com\\\/fr\\\/#website\",\"url\":\"https:\\\/\\\/www.sunmarineibiza.com\\\/fr\\\/\",\"name\":\"SunMarine\u00ae Ibiza\",\"description\":\"Agence de Location &amp; Vente de Bateaux &amp; Yachts depuis 1997\",\"publisher\":{\"@id\":\"https:\\\/\\\/www.sunmarineibiza.com\\\/fr\\\/#organization\"},\"potentialAction\":[{\"@type\":\"SearchAction\",\"target\":{\"@type\":\"EntryPoint\",\"urlTemplate\":\"https:\\\/\\\/www.sunmarineibiza.com\\\/fr\\\/?s={search_term_string}\"},\"query-input\":{\"@type\":\"PropertyValueSpecification\",\"valueRequired\":true,\"valueName\":\"search_term_string\"}}],\"inLanguage\":\"fr-FR\"},{\"@type\":\"Organization\",\"@id\":\"https:\\\/\\\/www.sunmarineibiza.com\\\/fr\\\/#organization\",\"name\":\"SunMarine\u00ae Ibiza\",\"url\":\"https:\\\/\\\/www.sunmarineibiza.com\\\/fr\\\/\",\"logo\":{\"@type\":\"ImageObject\",\"inLanguage\":\"fr-FR\",\"@id\":\"https:\\\/\\\/www.sunmarineibiza.com\\\/fr\\\/#\\\/schema\\\/logo\\\/image\\\/\",\"url\":\"https:\\\/\\\/www.sunmarineibiza.com\\\/wp-content\\\/uploads\\\/2022\\\/04\\\/logo-sunmarine.png\",\"contentUrl\":\"https:\\\/\\\/www.sunmarineibiza.com\\\/wp-content\\\/uploads\\\/2022\\\/04\\\/logo-sunmarine.png\",\"width\":198,\"height\":100,\"caption\":\"SunMarine\u00ae Ibiza\"},\"image\":{\"@id\":\"https:\\\/\\\/www.sunmarineibiza.com\\\/fr\\\/#\\\/schema\\\/logo\\\/image\\\/\"},\"sameAs\":[\"https:\\\/\\\/www.facebook.com\\\/ibizasunmarine\\\/\",\"https:\\\/\\\/x.com\\\/SunMarineIbiza\",\"https:\\\/\\\/www.instagram.com\\\/sunmarineibiza\\\/\",\"https:\\\/\\\/www.youtube.com\\\/user\\\/SunMarineIbiza1\"]},{\"@type\":\"Person\",\"@id\":\"https:\\\/\\\/www.sunmarineibiza.com\\\/fr\\\/#\\\/schema\\\/person\\\/152196a57d73b542f14308e6215f2643\",\"name\":\"SunMarine Team\",\"image\":{\"@type\":\"ImageObject\",\"inLanguage\":\"fr-FR\",\"@id\":\"https:\\\/\\\/secure.gravatar.com\\\/avatar\\\/401f4df26a0124a40df4dd137d3dac772740bf35995da48dcd0949c22affabff?s=96&d=identicon&r=g\",\"url\":\"https:\\\/\\\/secure.gravatar.com\\\/avatar\\\/401f4df26a0124a40df4dd137d3dac772740bf35995da48dcd0949c22affabff?s=96&d=identicon&r=g\",\"contentUrl\":\"https:\\\/\\\/secure.gravatar.com\\\/avatar\\\/401f4df26a0124a40df4dd137d3dac772740bf35995da48dcd0949c22affabff?s=96&d=identicon&r=g\",\"caption\":\"SunMarine Team\"},\"sameAs\":[\"https:\\\/\\\/www.sunmarineibiza.com\\\/\"],\"url\":\"https:\\\/\\\/www.sunmarineibiza.com\\\/fr\\\/author\\\/sunmarine-admin\\\/\"}]}<\/script>\n<!-- \/ Yoast SEO plugin. -->","yoast_head_json":{"title":"Partir en Vacances \u00e0 IBIZA \u00e9t\u00e9 2022 - SunMarine\u00ae IBIZA","description":"A moins de 2 heures des capitales europ\u00e9ennes, IBIZA est une valeur s\u00fbre pour 2022 avec ses eaux cristallines et le soleil garanti | SunMarine\u00ae IBIZA, sp\u00e9cialiste du yachting depuis 25 ans | Croisi\u00e8re & Location \u00e0 la journ\u00e9e | Contactez-nous","robots":{"index":"index","follow":"follow","max-snippet":"max-snippet:-1","max-image-preview":"max-image-preview:large","max-video-preview":"max-video-preview:-1"},"canonical":"https:\/\/www.sunmarineibiza.com\/fr\/partir-en-vacances-ibiza-2022\/","og_locale":"fr_FR","og_type":"article","og_title":"Partir en Vacances \u00e0 IBIZA \u00e9t\u00e9 2022 - SunMarine\u00ae IBIZA","og_description":"A moins de 2 heures de toutes les capitales europ\u00e9ennes, IBIZA est une valeur s\u00fbre pour 2022 avec ses eaux cristallines et le soleil garanti | SunMarine\u00ae IBIZA, sp\u00e9cialiste du yachting depuis 25 ans | Croisi\u00e8re & Location \u00e0 la journ\u00e9e | Contactez-nous","og_url":"https:\/\/www.sunmarineibiza.com\/fr\/partir-en-vacances-ibiza-2022\/","og_site_name":"SunMarine\u00ae Ibiza","article_publisher":"https:\/\/www.facebook.com\/ibizasunmarine\/","article_published_time":"2022-03-07T19:49:03+00:00","article_modified_time":"2026-01-07T17:50:40+00:00","og_image":[{"width":2016,"height":1134,"url":"https:\/\/www.sunmarineibiza.com\/wp-content\/uploads\/2022\/04\/cala-salada-balade-bateau-ibia","type":"image\/jpeg"}],"author":"SunMarine Team","twitter_card":"summary_large_image","twitter_title":"Partir en Vacances \u00e0 IBIZA \u00e9t\u00e9 2022 - SunMarine\u00ae IBIZA","twitter_description":"A moins de 2 heures de toutes les capitales europ\u00e9ennes, IBIZA est une valeur s\u00fbre pour 2022 avec ses eaux cristallines et le soleil garanti | SunMarine\u00ae IBIZA, sp\u00e9cialiste du yachting depuis 25 ans | Croisi\u00e8re & Location \u00e0 la journ\u00e9e | Contactez-nous","twitter_image":"https:\/\/www.sunmarineibiza.com\/wp-content\/uploads\/2022\/04\/cala-salada-balade-bateau-ibia","twitter_creator":"@SunMarineIbiza","twitter_site":"@SunMarineIbiza","twitter_misc":{"\u00c9crit par":"SunMarine Team","Dur\u00e9e de lecture estim\u00e9e":"3 minutes"},"schema":{"@context":"https:\/\/schema.org","@graph":[{"@type":"Article","@id":"https:\/\/www.sunmarineibiza.com\/fr\/partir-en-vacances-ibiza-2022\/#article","isPartOf":{"@id":"https:\/\/www.sunmarineibiza.com\/fr\/partir-en-vacances-ibiza-2022\/"},"author":{"name":"SunMarine Team","@id":"https:\/\/www.sunmarineibiza.com\/fr\/#\/schema\/person\/152196a57d73b542f14308e6215f2643"},"headline":"Pourquoi partir en vacances \u00e0 Ibiza cet \u00e9t\u00e9 ?","datePublished":"2022-03-07T19:49:03+00:00","dateModified":"2026-01-07T17:50:40+00:00","mainEntityOfPage":{"@id":"https:\/\/www.sunmarineibiza.com\/fr\/partir-en-vacances-ibiza-2022\/"},"wordCount":556,"commentCount":0,"publisher":{"@id":"https:\/\/www.sunmarineibiza.com\/fr\/#organization"},"image":{"@id":"https:\/\/www.sunmarineibiza.com\/fr\/partir-en-vacances-ibiza-2022\/#primaryimage"},"thumbnailUrl":"https:\/\/www.sunmarineibiza.com\/wp-content\/uploads\/2022\/04\/cala-salada-balade-bateau-ibia","keywords":["\u00c9t\u00e9 2026","planification vacances","tourisme Ibiza","vacances d'\u00e9t\u00e9"],"articleSection":["Guide d&#039;Ibiza"],"inLanguage":"fr-FR","potentialAction":[{"@type":"CommentAction","name":"Comment","target":["https:\/\/www.sunmarineibiza.com\/fr\/partir-en-vacances-ibiza-2022\/#respond"]}]},{"@type":"WebPage","@id":"https:\/\/www.sunmarineibiza.com\/fr\/partir-en-vacances-ibiza-2022\/","url":"https:\/\/www.sunmarineibiza.com\/fr\/partir-en-vacances-ibiza-2022\/","name":"Partir en Vacances \u00e0 IBIZA \u00e9t\u00e9 2022 - SunMarine\u00ae IBIZA","isPartOf":{"@id":"https:\/\/www.sunmarineibiza.com\/fr\/#website"},"primaryImageOfPage":{"@id":"https:\/\/www.sunmarineibiza.com\/fr\/partir-en-vacances-ibiza-2022\/#primaryimage"},"image":{"@id":"https:\/\/www.sunmarineibiza.com\/fr\/partir-en-vacances-ibiza-2022\/#primaryimage"},"thumbnailUrl":"https:\/\/www.sunmarineibiza.com\/wp-content\/uploads\/2022\/04\/cala-salada-balade-bateau-ibia","datePublished":"2022-03-07T19:49:03+00:00","dateModified":"2026-01-07T17:50:40+00:00","description":"A moins de 2 heures des capitales europ\u00e9ennes, IBIZA est une valeur s\u00fbre pour 2022 avec ses eaux cristallines et le soleil garanti | SunMarine\u00ae IBIZA, sp\u00e9cialiste du yachting depuis 25 ans | Croisi\u00e8re & Location \u00e0 la journ\u00e9e | Contactez-nous","breadcrumb":{"@id":"https:\/\/www.sunmarineibiza.com\/fr\/partir-en-vacances-ibiza-2022\/#breadcrumb"},"inLanguage":"fr-FR","potentialAction":[{"@type":"ReadAction","target":["https:\/\/www.sunmarineibiza.com\/fr\/partir-en-vacances-ibiza-2022\/"]}]},{"@type":"ImageObject","inLanguage":"fr-FR","@id":"https:\/\/www.sunmarineibiza.com\/fr\/partir-en-vacances-ibiza-2022\/#primaryimage","url":"https:\/\/www.sunmarineibiza.com\/wp-content\/uploads\/2022\/04\/cala-salada-balade-bateau-ibia","contentUrl":"https:\/\/www.sunmarineibiza.com\/wp-content\/uploads\/2022\/04\/cala-salada-balade-bateau-ibia","width":2016,"height":1134,"caption":"Des vacances de r\u00eave \u00e0 Ibiza"},{"@type":"BreadcrumbList","@id":"https:\/\/www.sunmarineibiza.com\/fr\/partir-en-vacances-ibiza-2022\/#breadcrumb","itemListElement":[{"@type":"ListItem","position":1,"name":"Inicio","item":"https:\/\/www.sunmarineibiza.com\/fr\/"},{"@type":"ListItem","position":2,"name":"Pourquoi partir en vacances \u00e0 Ibiza cet \u00e9t\u00e9 ?"}]},{"@type":"WebSite","@id":"https:\/\/www.sunmarineibiza.com\/fr\/#website","url":"https:\/\/www.sunmarineibiza.com\/fr\/","name":"SunMarine\u00ae Ibiza","description":"Agence de Location &amp; Vente de Bateaux &amp; Yachts depuis 1997","publisher":{"@id":"https:\/\/www.sunmarineibiza.com\/fr\/#organization"},"potentialAction":[{"@type":"SearchAction","target":{"@type":"EntryPoint","urlTemplate":"https:\/\/www.sunmarineibiza.com\/fr\/?s={search_term_string}"},"query-input":{"@type":"PropertyValueSpecification","valueRequired":true,"valueName":"search_term_string"}}],"inLanguage":"fr-FR"},{"@type":"Organization","@id":"https:\/\/www.sunmarineibiza.com\/fr\/#organization","name":"SunMarine\u00ae Ibiza","url":"https:\/\/www.sunmarineibiza.com\/fr\/","logo":{"@type":"ImageObject","inLanguage":"fr-FR","@id":"https:\/\/www.sunmarineibiza.com\/fr\/#\/schema\/logo\/image\/","url":"https:\/\/www.sunmarineibiza.com\/wp-content\/uploads\/2022\/04\/logo-sunmarine.png","contentUrl":"https:\/\/www.sunmarineibiza.com\/wp-content\/uploads\/2022\/04\/logo-sunmarine.png","width":198,"height":100,"caption":"SunMarine\u00ae Ibiza"},"image":{"@id":"https:\/\/www.sunmarineibiza.com\/fr\/#\/schema\/logo\/image\/"},"sameAs":["https:\/\/www.facebook.com\/ibizasunmarine\/","https:\/\/x.com\/SunMarineIbiza","https:\/\/www.instagram.com\/sunmarineibiza\/","https:\/\/www.youtube.com\/user\/SunMarineIbiza1"]},{"@type":"Person","@id":"https:\/\/www.sunmarineibiza.com\/fr\/#\/schema\/person\/152196a57d73b542f14308e6215f2643","name":"SunMarine Team","image":{"@type":"ImageObject","inLanguage":"fr-FR","@id":"https:\/\/secure.gravatar.com\/avatar\/401f4df26a0124a40df4dd137d3dac772740bf35995da48dcd0949c22affabff?s=96&d=identicon&r=g","url":"https:\/\/secure.gravatar.com\/avatar\/401f4df26a0124a40df4dd137d3dac772740bf35995da48dcd0949c22affabff?s=96&d=identicon&r=g","contentUrl":"https:\/\/secure.gravatar.com\/avatar\/401f4df26a0124a40df4dd137d3dac772740bf35995da48dcd0949c22affabff?s=96&d=identicon&r=g","caption":"SunMarine Team"},"sameAs":["https:\/\/www.sunmarineibiza.com\/"],"url":"https:\/\/www.sunmarineibiza.com\/fr\/author\/sunmarine-admin\/"}]}},"_links":{"self":[{"href":"https:\/\/www.sunmarineibiza.com\/fr\/wp-json\/wp\/v2\/posts\/550","targetHints":{"allow":["GET"]}}],"collection":[{"href":"https:\/\/www.sunmarineibiza.com\/fr\/wp-json\/wp\/v2\/posts"}],"about":[{"href":"https:\/\/www.sunmarineibiza.com\/fr\/wp-json\/wp\/v2\/types\/post"}],"author":[{"embeddable":true,"href":"https:\/\/www.sunmarineibiza.com\/fr\/wp-json\/wp\/v2\/users\/1"}],"replies":[{"embeddable":true,"href":"https:\/\/www.sunmarineibiza.com\/fr\/wp-json\/wp\/v2\/comments?post=550"}],"version-history":[{"count":16,"href":"https:\/\/www.sunmarineibiza.com\/fr\/wp-json\/wp\/v2\/posts\/550\/revisions"}],"predecessor-version":[{"id":10058,"href":"https:\/\/www.sunmarineibiza.com\/fr\/wp-json\/wp\/v2\/posts\/550\/revisions\/10058"}],"wp:featuredmedia":[{"embeddable":true,"href":"https:\/\/www.sunmarineibiza.com\/fr\/wp-json\/wp\/v2\/media\/552"}],"wp:attachment":[{"href":"https:\/\/www.sunmarineibiza.com\/fr\/wp-json\/wp\/v2\/media?parent=550"}],"wp:term":[{"taxonomy":"category","embeddable":true,"href":"https:\/\/www.sunmarineibiza.com\/fr\/wp-json\/wp\/v2\/categories?post=550"},{"taxonomy":"post_tag","embeddable":true,"href":"https:\/\/www.sunmarineibiza.com\/fr\/wp-json\/wp\/v2\/tags?post=550"}],"curies":[{"name":"wp","href":"https:\/\/api.w.org\/{rel}","templated":true}]}}