{"id":11098,"date":"2026-07-17T12:54:02","date_gmt":"2026-07-17T12:54:02","guid":{"rendered":"https:\/\/www.sunmarineibiza.com\/?p=11098"},"modified":"2026-07-21T09:00:03","modified_gmt":"2026-07-21T09:00:03","slug":"parador-dibiza-2500-ans-dhistoire-echappee-en-mer","status":"publish","type":"post","link":"https:\/\/www.sunmarineibiza.com\/fr\/parador-dibiza-2500-ans-dhistoire-echappee-en-mer\/","title":{"rendered":"Le Parador d\u2019Ibiza et SunMarine\u00ae : l\u2019alliance exclusive du patrimoine et de la mer"},"content":{"rendered":"<p data-path-to-node=\"4\">Dominant la citadelle fortifi\u00e9e de <b data-path-to-node=\"4\" data-index-in-node=\"35\">Dalt Vila<\/b>, class\u00e9e au patrimoine mondial de l\u2019UNESCO, le <b data-path-to-node=\"4\" data-index-in-node=\"92\">Parador d\u2019Ibiza<\/b> a ouvert ses portes en juin et rencontre d\u00e9j\u00e0 un succ\u00e8s retentissant.<\/p>\n<p data-path-to-node=\"5\">Pour nos clients internationaux, esth\u00e8tes et passionn\u00e9s de vieilles pierres, ce nouvel \u00e9tablissement de prestige ne repr\u00e9sente pas seulement un h\u00f4tel de luxe, mais un voyage temporel ininterrompu \u00e0 travers les \u00e2ges. Nous avons eu le privil\u00e8ge de le visiter d\u00e8s son ouverture : le r\u00e9sultat est tout simplement magnifique, orchestrant un dialogue parfait entre la majest\u00e9 du pass\u00e9 et le raffinement contemporain.<\/p>\n<h2 data-path-to-node=\"7\">Le Parador d\u2019Ibiza : 2500 ans d&rsquo;histoire au c\u0153ur de Dalt Vila<\/h2>\n<h3 data-path-to-node=\"35\">En r\u00e9sum\u00e9 : 3 points cl\u00e9s \u00e0 conna\u00eetre sur le Parador d\u2019Ibiza<\/h3>\n<ol start=\"1\" data-path-to-node=\"36\">\n<li>\n<p data-path-to-node=\"36,0,0\"><b data-path-to-node=\"36,0,0\" data-index-in-node=\"0\">Une ouverture historique majeure :<\/b> Install\u00e9 dans la citadelle fortifi\u00e9e de Dalt Vila (UNESCO), ce nouvel h\u00f4tel de prestige occupe l&rsquo;ancienne acropole, qui constitue l\u2019une des toutes premi\u00e8res constructions \u00e9difi\u00e9es sur l&rsquo;\u00eele par les Ph\u00e9niciens en -654 av. J.-C.<\/p>\n<\/li>\n<li>\n<p data-path-to-node=\"36,1,0\"><b data-path-to-node=\"36,1,0\" data-index-in-node=\"0\">Un mus\u00e9e sous vos pieds :<\/b> L&rsquo;\u00e9tablissement int\u00e8gre directement ses d\u00e9couvertes arch\u00e9ologiques majeures (vestiges ph\u00e9niciens, romains et mauresques) visibles \u00e0 travers des sols en verre.<\/p>\n<\/li>\n<li>\n<p data-path-to-node=\"36,2,0\"><b data-path-to-node=\"36,2,0\" data-index-in-node=\"0\">Une architecture de d\u00e9fense :<\/b> Les chambres occupent l&rsquo;ancienne caserne militaire du XVIIIe si\u00e8cle et le pavillon du gouverneur, offrant des vues panoramiques spectaculaires sur la mer.<\/p>\n<\/li>\n<\/ol>\n<p data-path-to-node=\"38\">Dominant la citadelle fortifi\u00e9e de <b data-path-to-node=\"38\" data-index-in-node=\"35\">Dalt Vila<\/b>, class\u00e9e au patrimoine mondial de l\u2019UNESCO, le <b data-path-to-node=\"38\" data-index-in-node=\"92\">Parador d\u2019Ibiza<\/b> a ouvert ses portes et rencontre d\u00e9j\u00e0 un succ\u00e8s retentissant aupr\u00e8s des voyageurs en qu\u00eate d&rsquo;authenticit\u00e9.<\/p>\n<p data-path-to-node=\"39\">Pour les visiteurs internationaux, ce nouvel \u00e9tablissement de luxe ne repr\u00e9sente pas seulement un h\u00f4tel d&rsquo;exception, mais le point de d\u00e9part id\u00e9al pour comprendre <b data-path-to-node=\"39\" data-index-in-node=\"163\">l&rsquo;histoire d&rsquo;Ibiza<\/b>. Car celle-ci s&rsquo;est toujours lue en deux dimensions : depuis sa citadelle de pierre et depuis la mer, d&rsquo;o\u00f9 sont arriv\u00e9es toutes les grandes civilisations. La r\u00e9habilitation architecturale du site orchestre un dialogue parfait entre la majest\u00e9 du pass\u00e9 et le raffinement contemporain.<\/p>\n<h2 data-path-to-node=\"40\">Les secrets historiques de l\u2019acropole d\u2019Ibiza<\/h2>\n<p data-path-to-node=\"41\">Si le Parador en lui-m\u00eame propose des infrastructures modernes, les murs qui l\u2019abritent et les fondations sur lesquelles il repose respirent l\u2019histoire depuis plus de deux mill\u00e9naires. L\u2019emplacement strat\u00e9gique de l\u2019acropole d\u2019Ibiza a attir\u00e9 toutes les grandes puissances de la M\u00e9diterran\u00e9e, laissant une empreinte ind\u00e9l\u00e9bile sur le site.<\/p>\n<h3 data-path-to-node=\"42\">Les origines ph\u00e9niciennes et puniques (-654 avant J.-C.)<\/h3>\n<p data-path-to-node=\"43\">Au tout d\u00e9but, le site \u00e9tait le c\u0153ur d\u00e9fensif et spirituel de la cit\u00e9 d&rsquo;Iboshim, fond\u00e9e par les <b data-path-to-node=\"43\" data-index-in-node=\"96\">Ph\u00e9niciens<\/b> pour contr\u00f4ler les routes maritimes et prot\u00e9ger l&rsquo;or blanc : le sel. Les Carthaginois ont ensuite transform\u00e9 cette colline en une acropole fortifi\u00e9e, y installant leurs temples sacr\u00e9s et leurs garnisons. Les vestiges mis au jour lors des fouilles arch\u00e9ologiques du Parador confirment ce r\u00f4le de premier rempart militaire face aux navires arrivant du large.<\/p>\n<h3 data-path-to-node=\"44\">L\u2019empreinte romaine et mauresque<\/h3>\n<p data-path-to-node=\"45\">Le complexe h\u00f4telier englobe des structures majeures du ch\u00e2teau de l\u2019Almudaina. Les Romains, puis les vagues successives d\u2019occupants musulmans (qui nomm\u00e8rent l&rsquo;\u00eele Yabisah), ont renforc\u00e9 cette forteresse, laissant derri\u00e8re eux des citernes antiques, des pans de murs romains et les bases de la fortification islamique.<\/p>\n<h3 data-path-to-node=\"46\">Les bastions de la Renaissance (XVIe si\u00e8cle)<\/h3>\n<p data-path-to-node=\"47\">Le Parador est int\u00e9gr\u00e9 au c\u0153ur m\u00eame des remparts con\u00e7us par l\u2019ing\u00e9nieur italien Giovanni Battista Calvi. Ces fortifications furent command\u00e9es par Charles Quint pour prot\u00e9ger l\u2019\u00eele des assauts des pirates barbaresques et de la flotte ottomane.<\/p>\n<h2 data-path-to-node=\"48\">Une immersion arch\u00e9ologique exclusive au c\u0153ur de l&rsquo;h\u00f4tel<\/h2>\n<p data-path-to-node=\"49\">Ce qui rend le Parador d\u2019Ibiza absolument unique en M\u00e9diterran\u00e9e, c\u2019est son int\u00e9gration totale avec son patrimoine arch\u00e9ologique. La r\u00e9habilitation permet d\u2019admirer des d\u00e9couvertes exceptionnelles, int\u00e9gr\u00e9es directement au parcours des r\u00e9sidents.<\/p>\n<h3 data-path-to-node=\"50\">Un mus\u00e9e int\u00e9gr\u00e9 sous vos pas<\/h3>\n<p data-path-to-node=\"51\">Les visiteurs peuvent contempler des vestiges s\u2019\u00e9talant de l\u2019\u00e9poque ph\u00e9nicienne au XIXe si\u00e8cle, magnifiquement mis en valeur \u00e0 travers des puits de lumi\u00e8re et des sols en verre structurel.<\/p>\n<h3 data-path-to-node=\"52\">Les lignes de d\u00e9fense et panoramas<\/h3>\n<p data-path-to-node=\"53\">Le Pavillon du Gouverneur, l&rsquo;ancienne caserne militaire du XVIIIe si\u00e8cle et les bastions ont \u00e9t\u00e9 transform\u00e9s pour abriter les chambres et les espaces communs, offrant des vues panoramiques spectaculaires sur la mer et la vieille ville d&rsquo;Ibiza.<\/p>\n<h2 data-path-to-node=\"54\">De la citadelle \u00e0 la mer : prolonger l&rsquo;exploration historique<\/h2>\n<p data-path-to-node=\"55\">Depuis les fen\u00eatres du Parador, le regard plonge sur les eaux qui ont vu na\u00eetre la l\u00e9gende de l&rsquo;\u00eele. Comprendre l&rsquo;acropole romaine ou ph\u00e9nicienne reste incomplet sans explorer le littoral qui en dictait la d\u00e9fense. Pour les esth\u00e8tes logeant au Parador, l&rsquo;exp\u00e9rience se prolonge naturellement en mer afin de relier l&rsquo;histoire de la pierre \u00e0 celle des flots.<\/p>\n<h3 data-path-to-node=\"56\">Es Vedr\u00e0, le g\u00e9ant de roche<\/h3>\n<p data-path-to-node=\"57\">Ce rocher mystique s\u2019\u00e9levant \u00e0 pr\u00e8s de 400 m\u00e8tres au-dessus de l\u2019eau est le gardien des l\u00e9gendes de l\u2019\u00eele, des r\u00e9cits de sir\u00e8nes d\u2019Hom\u00e8re aux mythes des divinit\u00e9s carthaginoises. L\u2019approcher par la mer offre un contraste saisissant avec les remparts de Dalt Vila et permet de ressentir la m\u00eame \u00e9motion que les premiers navigateurs antiques.<\/p>\n<h3 data-path-to-node=\"58\">Es Mol\u00ed de Sal, l\u2019histoire au bord de l\u2019eau<\/h3>\n<p data-path-to-node=\"59\">Pour une escale \u00e0 Formentera, l&#8217;embl\u00e9matique restaurant Es Mol\u00ed de Sal constitue une \u00e9tape incontournable. Bien plus qu\u2019une table r\u00e9put\u00e9e, cet ancien moulin appartenait \u00e0 l\u2019industrie saline de l\u2019\u00eele. C&rsquo;est un b\u00e2timent charg\u00e9 d\u2019histoire o\u00f9 le sel, convoy\u00e9 par les navires ph\u00e9niciens depuis l&rsquo;acropole, \u00e9tait trait\u00e9 avant d\u2019\u00eatre export\u00e9.<\/p>\n<p data-path-to-node=\"59\">Pour vivre pleinement cette harmonie entre terre et mer, r\u00e9server une <a href=\"https:\/\/www.sunmarineibiza.com\/fr\/location-de-bateau-ibiza-formentera\/\">location de yachts \u00e0 Ibiza<\/a> avec <b data-path-to-node=\"60,0\" data-index-in-node=\"102\">SunMarine\u00ae<\/b> permet de prolonger ce voyage exclusif de mani\u00e8re fluide, m\u00e9morable et intemporelle.<\/p>\n","protected":false},"excerpt":{"rendered":"<p>Dominant la citadelle fortifi\u00e9e de Dalt Vila, class\u00e9e au patrimoine mondial de l\u2019UNESCO, le Parador d\u2019Ibiza a ouvert ses portes en juin et rencontre d\u00e9j\u00e0 un succ\u00e8s retentissant. Pour nos clients internationaux, esth\u00e8tes et passionn\u00e9s de vieilles pierres, ce nouvel \u00e9tablissement de prestige ne repr\u00e9sente pas seulement un h\u00f4tel de luxe, mais un voyage temporel [&hellip;]<\/p>\n","protected":false},"author":1,"featured_media":8338,"comment_status":"open","ping_status":"open","sticky":false,"template":"","format":"standard","meta":{"_acf_changed":false,"footnotes":""},"categories":[1515],"tags":[1518,1517],"class_list":["post-11098","post","type-post","status-publish","format-standard","has-post-thumbnail","hentry","category-que-faire-au-parador-dibiza-dalt-vila","tag-destinations-itineraires","tag-evenements-art-de-vivre"],"acf":[],"yoast_head":"<!-- This site is optimized with the Yoast SEO plugin v28.3 - https:\/\/yoast.com\/product\/yoast-seo-wordpress\/ -->\n<title>Parador d\u2019Ibiza : Histoire et Luxe \u00e0 Dalt Vila<\/title>\n<meta name=\"description\" content=\"D\u00e9couvrez le nouveau Parador d\u2019Ibiza \u00e0 Dalt Vila. Un voyage \u00e0 travers 2 500 ans d&#039;histoire, vestiges ph\u00e9niciens et exp\u00e9riences exclusives en mer.\" \/>\n<meta name=\"robots\" content=\"index, follow, max-snippet:-1, max-image-preview:large, max-video-preview:-1\" \/>\n<link rel=\"canonical\" href=\"https:\/\/www.sunmarineibiza.com\/fr\/parador-dibiza-2500-ans-dhistoire-echappee-en-mer\/\" \/>\n<meta property=\"og:locale\" content=\"fr_FR\" \/>\n<meta property=\"og:type\" content=\"article\" \/>\n<meta property=\"og:title\" content=\"Parador d\u2019Ibiza : Histoire et Luxe \u00e0 Dalt Vila\" \/>\n<meta property=\"og:description\" content=\"D\u00e9couvrez le nouveau Parador d\u2019Ibiza \u00e0 Dalt Vila. Un voyage \u00e0 travers 2 500 ans d&#039;histoire, vestiges ph\u00e9niciens et exp\u00e9riences exclusives en mer.\" \/>\n<meta property=\"og:url\" content=\"https:\/\/www.sunmarineibiza.com\/fr\/parador-dibiza-2500-ans-dhistoire-echappee-en-mer\/\" \/>\n<meta property=\"og:site_name\" content=\"SunMarine\u00ae Ibiza\" \/>\n<meta property=\"article:publisher\" content=\"https:\/\/www.facebook.com\/ibizasunmarine\/\" \/>\n<meta property=\"article:published_time\" content=\"2026-07-17T12:54:02+00:00\" \/>\n<meta property=\"article:modified_time\" content=\"2026-07-21T09:00:03+00:00\" \/>\n<meta property=\"og:image\" content=\"https:\/\/www.sunmarineibiza.com\/wp-content\/uploads\/2023\/05\/Folklore-dance-typical-Ibiza-Spain-1-copie-1-scaled-e1685744326658.jpg\" \/>\n\t<meta property=\"og:image:width\" content=\"1939\" \/>\n\t<meta property=\"og:image:height\" content=\"1152\" \/>\n\t<meta property=\"og:image:type\" content=\"image\/jpeg\" \/>\n<meta name=\"author\" content=\"SunMarine Team\" \/>\n<meta name=\"twitter:card\" content=\"summary_large_image\" \/>\n<meta name=\"twitter:title\" content=\"Parador d\u2019Ibiza : Histoire et Luxe \u00e0 Dalt Vila\" \/>\n<meta name=\"twitter:description\" content=\"D\u00e9couvrez le nouveau Parador d\u2019Ibiza \u00e0 Dalt Vila. Un voyage \u00e0 travers 2 500 ans d&#039;histoire, vestiges ph\u00e9niciens et exp\u00e9riences exclusives en mer.\" \/>\n<meta name=\"twitter:image\" content=\"https:\/\/www.sunmarineibiza.com\/wp-content\/uploads\/2023\/05\/Folklore-dance-typical-Ibiza-Spain-1-copie-1-scaled-e1685744326658.jpg\" \/>\n<meta name=\"twitter:creator\" content=\"@SunMarineIbiza\" \/>\n<meta name=\"twitter:site\" content=\"@SunMarineIbiza\" \/>\n<meta name=\"twitter:label1\" content=\"\u00c9crit par\" \/>\n\t<meta name=\"twitter:data1\" content=\"SunMarine Team\" \/>\n\t<meta name=\"twitter:label2\" content=\"Dur\u00e9e de lecture estim\u00e9e\" \/>\n\t<meta name=\"twitter:data2\" content=\"5 minutes\" \/>\n<script type=\"application\/ld+json\" class=\"yoast-schema-graph\">{\"@context\":\"https:\\\/\\\/schema.org\",\"@graph\":[{\"@type\":\"Article\",\"@id\":\"https:\\\/\\\/www.sunmarineibiza.com\\\/fr\\\/parador-dibiza-2500-ans-dhistoire-echappee-en-mer\\\/#article\",\"isPartOf\":{\"@id\":\"https:\\\/\\\/www.sunmarineibiza.com\\\/fr\\\/parador-dibiza-2500-ans-dhistoire-echappee-en-mer\\\/\"},\"author\":{\"name\":\"SunMarine Team\",\"@id\":\"https:\\\/\\\/www.sunmarineibiza.com\\\/fr\\\/#\\\/schema\\\/person\\\/152196a57d73b542f14308e6215f2643\"},\"headline\":\"Le Parador d\u2019Ibiza et SunMarine\u00ae : l\u2019alliance exclusive du patrimoine et de la mer\",\"datePublished\":\"2026-07-17T12:54:02+00:00\",\"dateModified\":\"2026-07-21T09:00:03+00:00\",\"mainEntityOfPage\":{\"@id\":\"https:\\\/\\\/www.sunmarineibiza.com\\\/fr\\\/parador-dibiza-2500-ans-dhistoire-echappee-en-mer\\\/\"},\"wordCount\":1018,\"commentCount\":0,\"publisher\":{\"@id\":\"https:\\\/\\\/www.sunmarineibiza.com\\\/fr\\\/#organization\"},\"image\":{\"@id\":\"https:\\\/\\\/www.sunmarineibiza.com\\\/fr\\\/parador-dibiza-2500-ans-dhistoire-echappee-en-mer\\\/#primaryimage\"},\"thumbnailUrl\":\"https:\\\/\\\/www.sunmarineibiza.com\\\/wp-content\\\/uploads\\\/2023\\\/05\\\/Folklore-dance-typical-Ibiza-Spain-1-copie-scaled.jpg\",\"keywords\":[\"Destinations &amp; Itin\u00e9raires\",\"\u00c9v\u00e9nements &amp; Art de Vivre\"],\"articleSection\":[\"Que faire au parador d&#039;ibiza dalt vila\"],\"inLanguage\":\"fr-FR\",\"potentialAction\":[{\"@type\":\"CommentAction\",\"name\":\"Comment\",\"target\":[\"https:\\\/\\\/www.sunmarineibiza.com\\\/fr\\\/parador-dibiza-2500-ans-dhistoire-echappee-en-mer\\\/#respond\"]}]},{\"@type\":\"WebPage\",\"@id\":\"https:\\\/\\\/www.sunmarineibiza.com\\\/fr\\\/parador-dibiza-2500-ans-dhistoire-echappee-en-mer\\\/\",\"url\":\"https:\\\/\\\/www.sunmarineibiza.com\\\/fr\\\/parador-dibiza-2500-ans-dhistoire-echappee-en-mer\\\/\",\"name\":\"Parador d\u2019Ibiza : Histoire et Luxe \u00e0 Dalt Vila\",\"isPartOf\":{\"@id\":\"https:\\\/\\\/www.sunmarineibiza.com\\\/fr\\\/#website\"},\"primaryImageOfPage\":{\"@id\":\"https:\\\/\\\/www.sunmarineibiza.com\\\/fr\\\/parador-dibiza-2500-ans-dhistoire-echappee-en-mer\\\/#primaryimage\"},\"image\":{\"@id\":\"https:\\\/\\\/www.sunmarineibiza.com\\\/fr\\\/parador-dibiza-2500-ans-dhistoire-echappee-en-mer\\\/#primaryimage\"},\"thumbnailUrl\":\"https:\\\/\\\/www.sunmarineibiza.com\\\/wp-content\\\/uploads\\\/2023\\\/05\\\/Folklore-dance-typical-Ibiza-Spain-1-copie-scaled.jpg\",\"datePublished\":\"2026-07-17T12:54:02+00:00\",\"dateModified\":\"2026-07-21T09:00:03+00:00\",\"description\":\"D\u00e9couvrez le nouveau Parador d\u2019Ibiza \u00e0 Dalt Vila. Un voyage \u00e0 travers 2 500 ans d'histoire, vestiges ph\u00e9niciens et exp\u00e9riences exclusives en mer.\",\"breadcrumb\":{\"@id\":\"https:\\\/\\\/www.sunmarineibiza.com\\\/fr\\\/parador-dibiza-2500-ans-dhistoire-echappee-en-mer\\\/#breadcrumb\"},\"inLanguage\":\"fr-FR\",\"potentialAction\":[{\"@type\":\"ReadAction\",\"target\":[\"https:\\\/\\\/www.sunmarineibiza.com\\\/fr\\\/parador-dibiza-2500-ans-dhistoire-echappee-en-mer\\\/\"]}]},{\"@type\":\"ImageObject\",\"inLanguage\":\"fr-FR\",\"@id\":\"https:\\\/\\\/www.sunmarineibiza.com\\\/fr\\\/parador-dibiza-2500-ans-dhistoire-echappee-en-mer\\\/#primaryimage\",\"url\":\"https:\\\/\\\/www.sunmarineibiza.com\\\/wp-content\\\/uploads\\\/2023\\\/05\\\/Folklore-dance-typical-Ibiza-Spain-1-copie-scaled.jpg\",\"contentUrl\":\"https:\\\/\\\/www.sunmarineibiza.com\\\/wp-content\\\/uploads\\\/2023\\\/05\\\/Folklore-dance-typical-Ibiza-Spain-1-copie-scaled.jpg\",\"width\":2560,\"height\":1154,\"caption\":\"Folklore-dance-typical-Ibiza-Spain\"},{\"@type\":\"BreadcrumbList\",\"@id\":\"https:\\\/\\\/www.sunmarineibiza.com\\\/fr\\\/parador-dibiza-2500-ans-dhistoire-echappee-en-mer\\\/#breadcrumb\",\"itemListElement\":[{\"@type\":\"ListItem\",\"position\":1,\"name\":\"Inicio\",\"item\":\"https:\\\/\\\/www.sunmarineibiza.com\\\/fr\\\/\"},{\"@type\":\"ListItem\",\"position\":2,\"name\":\"Le Parador d\u2019Ibiza et SunMarine\u00ae : l\u2019alliance exclusive du patrimoine et de la mer\"}]},{\"@type\":\"WebSite\",\"@id\":\"https:\\\/\\\/www.sunmarineibiza.com\\\/fr\\\/#website\",\"url\":\"https:\\\/\\\/www.sunmarineibiza.com\\\/fr\\\/\",\"name\":\"SunMarine\u00ae Ibiza\",\"description\":\"Agence de Location &amp; Vente de Bateaux &amp; Yachts depuis 1997\",\"publisher\":{\"@id\":\"https:\\\/\\\/www.sunmarineibiza.com\\\/fr\\\/#organization\"},\"potentialAction\":[{\"@type\":\"SearchAction\",\"target\":{\"@type\":\"EntryPoint\",\"urlTemplate\":\"https:\\\/\\\/www.sunmarineibiza.com\\\/fr\\\/?s={search_term_string}\"},\"query-input\":{\"@type\":\"PropertyValueSpecification\",\"valueRequired\":true,\"valueName\":\"search_term_string\"}}],\"inLanguage\":\"fr-FR\"},{\"@type\":\"Organization\",\"@id\":\"https:\\\/\\\/www.sunmarineibiza.com\\\/fr\\\/#organization\",\"name\":\"SunMarine\u00ae Ibiza\",\"url\":\"https:\\\/\\\/www.sunmarineibiza.com\\\/fr\\\/\",\"logo\":{\"@type\":\"ImageObject\",\"inLanguage\":\"fr-FR\",\"@id\":\"https:\\\/\\\/www.sunmarineibiza.com\\\/fr\\\/#\\\/schema\\\/logo\\\/image\\\/\",\"url\":\"https:\\\/\\\/www.sunmarineibiza.com\\\/wp-content\\\/uploads\\\/2022\\\/04\\\/logo-sunmarine.png\",\"contentUrl\":\"https:\\\/\\\/www.sunmarineibiza.com\\\/wp-content\\\/uploads\\\/2022\\\/04\\\/logo-sunmarine.png\",\"width\":198,\"height\":100,\"caption\":\"SunMarine\u00ae Ibiza\"},\"image\":{\"@id\":\"https:\\\/\\\/www.sunmarineibiza.com\\\/fr\\\/#\\\/schema\\\/logo\\\/image\\\/\"},\"sameAs\":[\"https:\\\/\\\/www.facebook.com\\\/ibizasunmarine\\\/\",\"https:\\\/\\\/x.com\\\/SunMarineIbiza\",\"https:\\\/\\\/www.instagram.com\\\/sunmarineibiza\\\/\",\"https:\\\/\\\/www.youtube.com\\\/user\\\/SunMarineIbiza1\"]},{\"@type\":\"Person\",\"@id\":\"https:\\\/\\\/www.sunmarineibiza.com\\\/fr\\\/#\\\/schema\\\/person\\\/152196a57d73b542f14308e6215f2643\",\"name\":\"SunMarine Team\",\"image\":{\"@type\":\"ImageObject\",\"inLanguage\":\"fr-FR\",\"@id\":\"https:\\\/\\\/secure.gravatar.com\\\/avatar\\\/401f4df26a0124a40df4dd137d3dac772740bf35995da48dcd0949c22affabff?s=96&d=identicon&r=g\",\"url\":\"https:\\\/\\\/secure.gravatar.com\\\/avatar\\\/401f4df26a0124a40df4dd137d3dac772740bf35995da48dcd0949c22affabff?s=96&d=identicon&r=g\",\"contentUrl\":\"https:\\\/\\\/secure.gravatar.com\\\/avatar\\\/401f4df26a0124a40df4dd137d3dac772740bf35995da48dcd0949c22affabff?s=96&d=identicon&r=g\",\"caption\":\"SunMarine Team\"},\"sameAs\":[\"https:\\\/\\\/www.sunmarineibiza.com\\\/\"],\"url\":\"https:\\\/\\\/www.sunmarineibiza.com\\\/fr\\\/author\\\/sunmarine-admin\\\/\"}]}<\/script>\n<!-- \/ Yoast SEO plugin. -->","yoast_head_json":{"title":"Parador d\u2019Ibiza : Histoire et Luxe \u00e0 Dalt Vila","description":"D\u00e9couvrez le nouveau Parador d\u2019Ibiza \u00e0 Dalt Vila. Un voyage \u00e0 travers 2 500 ans d'histoire, vestiges ph\u00e9niciens et exp\u00e9riences exclusives en mer.","robots":{"index":"index","follow":"follow","max-snippet":"max-snippet:-1","max-image-preview":"max-image-preview:large","max-video-preview":"max-video-preview:-1"},"canonical":"https:\/\/www.sunmarineibiza.com\/fr\/parador-dibiza-2500-ans-dhistoire-echappee-en-mer\/","og_locale":"fr_FR","og_type":"article","og_title":"Parador d\u2019Ibiza : Histoire et Luxe \u00e0 Dalt Vila","og_description":"D\u00e9couvrez le nouveau Parador d\u2019Ibiza \u00e0 Dalt Vila. Un voyage \u00e0 travers 2 500 ans d'histoire, vestiges ph\u00e9niciens et exp\u00e9riences exclusives en mer.","og_url":"https:\/\/www.sunmarineibiza.com\/fr\/parador-dibiza-2500-ans-dhistoire-echappee-en-mer\/","og_site_name":"SunMarine\u00ae Ibiza","article_publisher":"https:\/\/www.facebook.com\/ibizasunmarine\/","article_published_time":"2026-07-17T12:54:02+00:00","article_modified_time":"2026-07-21T09:00:03+00:00","og_image":[{"width":1939,"height":1152,"url":"https:\/\/www.sunmarineibiza.com\/wp-content\/uploads\/2023\/05\/Folklore-dance-typical-Ibiza-Spain-1-copie-1-scaled-e1685744326658.jpg","type":"image\/jpeg"}],"author":"SunMarine Team","twitter_card":"summary_large_image","twitter_title":"Parador d\u2019Ibiza : Histoire et Luxe \u00e0 Dalt Vila","twitter_description":"D\u00e9couvrez le nouveau Parador d\u2019Ibiza \u00e0 Dalt Vila. Un voyage \u00e0 travers 2 500 ans d'histoire, vestiges ph\u00e9niciens et exp\u00e9riences exclusives en mer.","twitter_image":"https:\/\/www.sunmarineibiza.com\/wp-content\/uploads\/2023\/05\/Folklore-dance-typical-Ibiza-Spain-1-copie-1-scaled-e1685744326658.jpg","twitter_creator":"@SunMarineIbiza","twitter_site":"@SunMarineIbiza","twitter_misc":{"\u00c9crit par":"SunMarine Team","Dur\u00e9e de lecture estim\u00e9e":"5 minutes"},"schema":{"@context":"https:\/\/schema.org","@graph":[{"@type":"Article","@id":"https:\/\/www.sunmarineibiza.com\/fr\/parador-dibiza-2500-ans-dhistoire-echappee-en-mer\/#article","isPartOf":{"@id":"https:\/\/www.sunmarineibiza.com\/fr\/parador-dibiza-2500-ans-dhistoire-echappee-en-mer\/"},"author":{"name":"SunMarine Team","@id":"https:\/\/www.sunmarineibiza.com\/fr\/#\/schema\/person\/152196a57d73b542f14308e6215f2643"},"headline":"Le Parador d\u2019Ibiza et SunMarine\u00ae : l\u2019alliance exclusive du patrimoine et de la mer","datePublished":"2026-07-17T12:54:02+00:00","dateModified":"2026-07-21T09:00:03+00:00","mainEntityOfPage":{"@id":"https:\/\/www.sunmarineibiza.com\/fr\/parador-dibiza-2500-ans-dhistoire-echappee-en-mer\/"},"wordCount":1018,"commentCount":0,"publisher":{"@id":"https:\/\/www.sunmarineibiza.com\/fr\/#organization"},"image":{"@id":"https:\/\/www.sunmarineibiza.com\/fr\/parador-dibiza-2500-ans-dhistoire-echappee-en-mer\/#primaryimage"},"thumbnailUrl":"https:\/\/www.sunmarineibiza.com\/wp-content\/uploads\/2023\/05\/Folklore-dance-typical-Ibiza-Spain-1-copie-scaled.jpg","keywords":["Destinations &amp; Itin\u00e9raires","\u00c9v\u00e9nements &amp; Art de Vivre"],"articleSection":["Que faire au parador d&#039;ibiza dalt vila"],"inLanguage":"fr-FR","potentialAction":[{"@type":"CommentAction","name":"Comment","target":["https:\/\/www.sunmarineibiza.com\/fr\/parador-dibiza-2500-ans-dhistoire-echappee-en-mer\/#respond"]}]},{"@type":"WebPage","@id":"https:\/\/www.sunmarineibiza.com\/fr\/parador-dibiza-2500-ans-dhistoire-echappee-en-mer\/","url":"https:\/\/www.sunmarineibiza.com\/fr\/parador-dibiza-2500-ans-dhistoire-echappee-en-mer\/","name":"Parador d\u2019Ibiza : Histoire et Luxe \u00e0 Dalt Vila","isPartOf":{"@id":"https:\/\/www.sunmarineibiza.com\/fr\/#website"},"primaryImageOfPage":{"@id":"https:\/\/www.sunmarineibiza.com\/fr\/parador-dibiza-2500-ans-dhistoire-echappee-en-mer\/#primaryimage"},"image":{"@id":"https:\/\/www.sunmarineibiza.com\/fr\/parador-dibiza-2500-ans-dhistoire-echappee-en-mer\/#primaryimage"},"thumbnailUrl":"https:\/\/www.sunmarineibiza.com\/wp-content\/uploads\/2023\/05\/Folklore-dance-typical-Ibiza-Spain-1-copie-scaled.jpg","datePublished":"2026-07-17T12:54:02+00:00","dateModified":"2026-07-21T09:00:03+00:00","description":"D\u00e9couvrez le nouveau Parador d\u2019Ibiza \u00e0 Dalt Vila. Un voyage \u00e0 travers 2 500 ans d'histoire, vestiges ph\u00e9niciens et exp\u00e9riences exclusives en mer.","breadcrumb":{"@id":"https:\/\/www.sunmarineibiza.com\/fr\/parador-dibiza-2500-ans-dhistoire-echappee-en-mer\/#breadcrumb"},"inLanguage":"fr-FR","potentialAction":[{"@type":"ReadAction","target":["https:\/\/www.sunmarineibiza.com\/fr\/parador-dibiza-2500-ans-dhistoire-echappee-en-mer\/"]}]},{"@type":"ImageObject","inLanguage":"fr-FR","@id":"https:\/\/www.sunmarineibiza.com\/fr\/parador-dibiza-2500-ans-dhistoire-echappee-en-mer\/#primaryimage","url":"https:\/\/www.sunmarineibiza.com\/wp-content\/uploads\/2023\/05\/Folklore-dance-typical-Ibiza-Spain-1-copie-scaled.jpg","contentUrl":"https:\/\/www.sunmarineibiza.com\/wp-content\/uploads\/2023\/05\/Folklore-dance-typical-Ibiza-Spain-1-copie-scaled.jpg","width":2560,"height":1154,"caption":"Folklore-dance-typical-Ibiza-Spain"},{"@type":"BreadcrumbList","@id":"https:\/\/www.sunmarineibiza.com\/fr\/parador-dibiza-2500-ans-dhistoire-echappee-en-mer\/#breadcrumb","itemListElement":[{"@type":"ListItem","position":1,"name":"Inicio","item":"https:\/\/www.sunmarineibiza.com\/fr\/"},{"@type":"ListItem","position":2,"name":"Le Parador d\u2019Ibiza et SunMarine\u00ae : l\u2019alliance exclusive du patrimoine et de la mer"}]},{"@type":"WebSite","@id":"https:\/\/www.sunmarineibiza.com\/fr\/#website","url":"https:\/\/www.sunmarineibiza.com\/fr\/","name":"SunMarine\u00ae Ibiza","description":"Agence de Location &amp; Vente de Bateaux &amp; Yachts depuis 1997","publisher":{"@id":"https:\/\/www.sunmarineibiza.com\/fr\/#organization"},"potentialAction":[{"@type":"SearchAction","target":{"@type":"EntryPoint","urlTemplate":"https:\/\/www.sunmarineibiza.com\/fr\/?s={search_term_string}"},"query-input":{"@type":"PropertyValueSpecification","valueRequired":true,"valueName":"search_term_string"}}],"inLanguage":"fr-FR"},{"@type":"Organization","@id":"https:\/\/www.sunmarineibiza.com\/fr\/#organization","name":"SunMarine\u00ae Ibiza","url":"https:\/\/www.sunmarineibiza.com\/fr\/","logo":{"@type":"ImageObject","inLanguage":"fr-FR","@id":"https:\/\/www.sunmarineibiza.com\/fr\/#\/schema\/logo\/image\/","url":"https:\/\/www.sunmarineibiza.com\/wp-content\/uploads\/2022\/04\/logo-sunmarine.png","contentUrl":"https:\/\/www.sunmarineibiza.com\/wp-content\/uploads\/2022\/04\/logo-sunmarine.png","width":198,"height":100,"caption":"SunMarine\u00ae Ibiza"},"image":{"@id":"https:\/\/www.sunmarineibiza.com\/fr\/#\/schema\/logo\/image\/"},"sameAs":["https:\/\/www.facebook.com\/ibizasunmarine\/","https:\/\/x.com\/SunMarineIbiza","https:\/\/www.instagram.com\/sunmarineibiza\/","https:\/\/www.youtube.com\/user\/SunMarineIbiza1"]},{"@type":"Person","@id":"https:\/\/www.sunmarineibiza.com\/fr\/#\/schema\/person\/152196a57d73b542f14308e6215f2643","name":"SunMarine Team","image":{"@type":"ImageObject","inLanguage":"fr-FR","@id":"https:\/\/secure.gravatar.com\/avatar\/401f4df26a0124a40df4dd137d3dac772740bf35995da48dcd0949c22affabff?s=96&d=identicon&r=g","url":"https:\/\/secure.gravatar.com\/avatar\/401f4df26a0124a40df4dd137d3dac772740bf35995da48dcd0949c22affabff?s=96&d=identicon&r=g","contentUrl":"https:\/\/secure.gravatar.com\/avatar\/401f4df26a0124a40df4dd137d3dac772740bf35995da48dcd0949c22affabff?s=96&d=identicon&r=g","caption":"SunMarine Team"},"sameAs":["https:\/\/www.sunmarineibiza.com\/"],"url":"https:\/\/www.sunmarineibiza.com\/fr\/author\/sunmarine-admin\/"}]}},"_links":{"self":[{"href":"https:\/\/www.sunmarineibiza.com\/fr\/wp-json\/wp\/v2\/posts\/11098","targetHints":{"allow":["GET"]}}],"collection":[{"href":"https:\/\/www.sunmarineibiza.com\/fr\/wp-json\/wp\/v2\/posts"}],"about":[{"href":"https:\/\/www.sunmarineibiza.com\/fr\/wp-json\/wp\/v2\/types\/post"}],"author":[{"embeddable":true,"href":"https:\/\/www.sunmarineibiza.com\/fr\/wp-json\/wp\/v2\/users\/1"}],"replies":[{"embeddable":true,"href":"https:\/\/www.sunmarineibiza.com\/fr\/wp-json\/wp\/v2\/comments?post=11098"}],"version-history":[{"count":3,"href":"https:\/\/www.sunmarineibiza.com\/fr\/wp-json\/wp\/v2\/posts\/11098\/revisions"}],"predecessor-version":[{"id":11112,"href":"https:\/\/www.sunmarineibiza.com\/fr\/wp-json\/wp\/v2\/posts\/11098\/revisions\/11112"}],"wp:featuredmedia":[{"embeddable":true,"href":"https:\/\/www.sunmarineibiza.com\/fr\/wp-json\/wp\/v2\/media\/8338"}],"wp:attachment":[{"href":"https:\/\/www.sunmarineibiza.com\/fr\/wp-json\/wp\/v2\/media?parent=11098"}],"wp:term":[{"taxonomy":"category","embeddable":true,"href":"https:\/\/www.sunmarineibiza.com\/fr\/wp-json\/wp\/v2\/categories?post=11098"},{"taxonomy":"post_tag","embeddable":true,"href":"https:\/\/www.sunmarineibiza.com\/fr\/wp-json\/wp\/v2\/tags?post=11098"}],"curies":[{"name":"wp","href":"https:\/\/api.w.org\/{rel}","templated":true}]}}